{"id":75,"date":"2020-05-04T20:37:25","date_gmt":"2020-05-04T20:37:25","guid":{"rendered":"http:\/\/www.imapro.cz\/?p=75"},"modified":"2020-05-17T11:52:12","modified_gmt":"2020-05-17T11:52:12","slug":"18-kvetna-otevirame-prodejnu","status":"publish","type":"post","link":"https:\/\/www.imapro.cz\/?p=75","title":{"rendered":"18. kv\u011btna otev\u00edr\u00e1me prodejnu!"},"content":{"rendered":"<p>Ji\u017e brzy otev\u0159eme novou prodejnu v Prose\u010di na n\u00e1m\u011bst\u00ed Dr. To\u0161ovsk\u00e9ho na m\u00edst\u011b b\u00fdval\u00e9 prodejny Kadlec a spol.<\/p>\n","protected":false},"excerpt":{"rendered":"<p>Ji\u017e brzy otev\u0159eme novou prodejnu v Prose\u010di na n\u00e1m\u011bst\u00ed Dr. To\u0161ovsk\u00e9ho na m\u00edst\u011b b\u00fdval\u00e9 prodejny Kadlec a spol.<\/p>\n","protected":false},"author":1,"featured_media":126,"comment_status":"open","ping_status":"open","sticky":false,"template":"","format":"image","meta":{"footnotes":""},"categories":[4],"tags":[],"class_list":["post-75","post","type-post","status-publish","format-image","has-post-thumbnail","hentry","category-novinky","post_format-post-format-image"],"_links":{"self":[{"href":"https:\/\/www.imapro.cz\/index.php?rest_route=\/wp\/v2\/posts\/75","targetHints":{"allow":["GET"]}}],"collection":[{"href":"https:\/\/www.imapro.cz\/index.php?rest_route=\/wp\/v2\/posts"}],"about":[{"href":"https:\/\/www.imapro.cz\/index.php?rest_route=\/wp\/v2\/types\/post"}],"author":[{"embeddable":true,"href":"https:\/\/www.imapro.cz\/index.php?rest_route=\/wp\/v2\/users\/1"}],"replies":[{"embeddable":true,"href":"https:\/\/www.imapro.cz\/index.php?rest_route=%2Fwp%2Fv2%2Fcomments&post=75"}],"version-history":[{"count":2,"href":"https:\/\/www.imapro.cz\/index.php?rest_route=\/wp\/v2\/posts\/75\/revisions"}],"predecessor-version":[{"id":78,"href":"https:\/\/www.imapro.cz\/index.php?rest_route=\/wp\/v2\/posts\/75\/revisions\/78"}],"wp:featuredmedia":[{"embeddable":true,"href":"https:\/\/www.imapro.cz\/index.php?rest_route=\/wp\/v2\/media\/126"}],"wp:attachment":[{"href":"https:\/\/www.imapro.cz\/index.php?rest_route=%2Fwp%2Fv2%2Fmedia&parent=75"}],"wp:term":[{"taxonomy":"category","embeddable":true,"href":"https:\/\/www.imapro.cz\/index.php?rest_route=%2Fwp%2Fv2%2Fcategories&post=75"},{"taxonomy":"post_tag","embeddable":true,"href":"https:\/\/www.imapro.cz\/index.php?rest_route=%2Fwp%2Fv2%2Ftags&post=75"}],"curies":[{"name":"wp","href":"https:\/\/api.w.org\/{rel}","templated":true}]}}